{"id":141349,"date":"2022-01-05T12:59:36","date_gmt":"2022-01-05T17:59:36","guid":{"rendered":"https:\/\/pepinierejasmin.com\/2022\/01\/05\/les-semis\/"},"modified":"2022-01-05T12:59:36","modified_gmt":"2022-01-05T17:59:36","slug":"les-semis","status":"publish","type":"post","link":"https:\/\/jardinjasmin.com\/en\/2022\/01\/05\/les-semis\/","title":{"rendered":"Les semis"},"content":{"rendered":"<p>Voici, en r\u00e9f\u00e9rence, deux tableaux qui vous donneront certainement un bon coup de pouce pour la planification de vos semis de l\u00e9gumes et d\u2019annuelles.<\/p>\n<p><strong><a href=\"http:\/\/m.espacepourlavie.ca\/calendrier-de-semis-de-legumes\">http:\/\/m.espacepourlavie.ca\/calendrier-de-semis-de-legumes<\/a><\/strong><\/p>\n<p><strong><a href=\"http:\/\/espacepourlavie.ca\/calendrier-de-semis-des-annuelles\">http:\/\/espacepourlavie.ca\/calendrier-de-semis-des-annuelles<\/a><\/strong><\/p>\n<table border=\"1\" width=\"376\" cellspacing=\"0\" cellpadding=\"0\" align=\"center\">\n<tbody>\n<tr>\n<td><u><strong>Herbes<\/strong><\/u><\/td>\n<td><u><strong>Semis int\u00e9rieur<\/strong><\/u><\/td>\n<td><u><strong>Semis ext\u00e9rieur<\/strong><\/u><\/td>\n<\/tr>\n<tr>\n<td><strong>Basilic<\/strong><\/td>\n<td>Fin mars<\/td>\n<td>Fin mai<\/td>\n<\/tr>\n<tr>\n<td><strong>Ciboulette<\/strong><\/td>\n<td>Fin mars<\/td>\n<td>Mi-mai<\/td>\n<\/tr>\n<tr>\n<td><strong>Coriandre<\/strong><\/td>\n<td>Fin avril<\/td>\n<td>D\u00e9but \u00e0 mi-mai<\/td>\n<\/tr>\n<tr>\n<td><strong>Fenouil<\/strong><\/td>\n<td>Fin mars<\/td>\n<td>Mi-mai<\/td>\n<\/tr>\n<tr>\n<td><strong>M\u00e9lisse<\/strong><\/td>\n<td>Mi-mars \u00e0 fin mars<\/td>\n<td>D\u00e9but mai<\/td>\n<\/tr>\n<tr>\n<td><strong>Menthe<\/strong><\/td>\n<td>Mars et avril<\/td>\n<td>Mi-mai \u00e0 mi-juin<\/td>\n<\/tr>\n<tr>\n<td><strong>Origan<\/strong><\/td>\n<td>Avril<\/td>\n<td>D\u00e9but \u00e0 mi-mai<\/td>\n<\/tr>\n<tr>\n<td><strong>Persil<\/strong><\/td>\n<td>D\u00e9but \u00e0 mi-avril<\/td>\n<td><\/td>\n<\/tr>\n<tr>\n<td><strong>Romarin<\/strong><\/td>\n<td>Mars et avril<\/td>\n<td><\/td>\n<\/tr>\n<tr>\n<td><strong>Sauge<\/strong><\/td>\n<td>Fin mars<\/p>\n<p>(6 \u00e0 8\u00a0semaines avant<\/p>\n<p>la plantation)<\/td>\n<td><\/td>\n<\/tr>\n<tr>\n<td><strong>Thym<\/strong><\/td>\n<td>Fin mars<\/p>\n<p>(6 \u00e0 8\u00a0semaines avant<\/p>\n<p>la plantation)<\/td>\n<td><\/td>\n<\/tr>\n<\/tbody>\n<\/table>\n<p>Pour les d\u00e9tails pr\u00e9cis concernant chaque vari\u00e9t\u00e9, vous pouvez \u00e9galement vous fier aux informations au dos de vos sachets de semences.<\/p>\n<p><strong>Comment<\/strong><\/p>\n<p>Bref, vous avez sous\u00a0la main des contenants, du terreau humide, un vaporisateur, un d\u00f4me transparent et, bien s\u00fbr, vos semences\u2009? Alors vous \u00eates pr\u00eat\u2009!<\/p>\n<p>-Remplissez votre pot de terreau jusqu\u2019\u00e0 environ 1\u00a0cm du bord et nivelez l\u00e9g\u00e8rement sans compacter.<\/p>\n<p>-Semez ensuite vos graines \u00e0 la vol\u00e9e ou en rang\u00e9es selon l\u2019esp\u00e8ce et le nombre de plantes souhait\u00e9es.<\/p>\n<p>-Recouvrez le tout d\u2019une mince couche de terreau.<\/p>\n<p>-Vaporisez et d\u00e9posez le d\u00f4me.<\/p>\n<p>&#8211; \u00c0 d\u00e9faut de s\u2019\u00eatre \u00e9quip\u00e9 d\u2019un \u00e9clairage d\u2019appoint de type cool white (voir <a href=\"https:\/\/jardinierparesseux.com\/tag\/tubes-cool-white-pour-semis\/\">https:\/\/jardinierparesseux.com\/tag\/tubes-cool-white-pour-semis\/<\/a>), il est important que vos semis soient plac\u00e9s le plus pr\u00e8s possible d\u2019une fen\u00eatre qui donne au sud ou \u00e0 l\u2019ouest d\u00e8s que les plantes seront sorties de terre.<\/p>\n<p>-D\u00e8s que vous voyez vos pousses sortir de terre, retirez le d\u00f4me et v\u00e9rifiez plus r\u00e9guli\u00e8rement votre arrosage.<\/p>\n<p>Pour plus d\u2019information au sujet des semis, passez nous voir \u00e0 la boutique horticole.<\/p>\n<p>Bon semis\u2009!<\/p>\n","protected":false},"excerpt":{"rendered":"<p>Voici, en r\u00e9f\u00e9rence, deux tableaux qui vous donneront certainement un bon coup de pouce pour la planification de vos semis de l\u00e9gumes et d\u2019annuelles. http:\/\/m.espacepourlavie.ca\/calendrier-de-semis-de-legumes http:\/\/espacepourlavie.ca\/calendrier-de-semis-des-annuelles Herbes Semis int\u00e9rieur Semis ext\u00e9rieur Basilic Fin mars Fin mai Ciboulette Fin mars Mi-mai Coriandre Fin avril D\u00e9but \u00e0 mi-mai Fenouil Fin mars Mi-mai M\u00e9lisse Mi-mars \u00e0 fin mars [&hellip;]<\/p>\n","protected":false},"author":1,"featured_media":0,"comment_status":"closed","ping_status":"closed","sticky":false,"template":"","format":"standard","meta":{"footnotes":""},"categories":[29367],"tags":[],"class_list":["post-141349","post","type-post","status-publish","format-standard","hentry","category-seeds"],"featured_image_src":{"landsacpe":false,"list":false,"medium":false,"full":false},"categories_name":["Seeds"],"author_name":"jardinj","comment_count":{"approved":0,"awaiting_moderation":0,"spam":0,"trash":0,"post-trashed":0,"all":0,"total_comments":0},"_links":{"self":[{"href":"https:\/\/jardinjasmin.com\/en\/wp-json\/wp\/v2\/posts\/141349","targetHints":{"allow":["GET"]}}],"collection":[{"href":"https:\/\/jardinjasmin.com\/en\/wp-json\/wp\/v2\/posts"}],"about":[{"href":"https:\/\/jardinjasmin.com\/en\/wp-json\/wp\/v2\/types\/post"}],"author":[{"embeddable":true,"href":"https:\/\/jardinjasmin.com\/en\/wp-json\/wp\/v2\/users\/1"}],"replies":[{"embeddable":true,"href":"https:\/\/jardinjasmin.com\/en\/wp-json\/wp\/v2\/comments?post=141349"}],"version-history":[{"count":0,"href":"https:\/\/jardinjasmin.com\/en\/wp-json\/wp\/v2\/posts\/141349\/revisions"}],"wp:attachment":[{"href":"https:\/\/jardinjasmin.com\/en\/wp-json\/wp\/v2\/media?parent=141349"}],"wp:term":[{"taxonomy":"category","embeddable":true,"href":"https:\/\/jardinjasmin.com\/en\/wp-json\/wp\/v2\/categories?post=141349"},{"taxonomy":"post_tag","embeddable":true,"href":"https:\/\/jardinjasmin.com\/en\/wp-json\/wp\/v2\/tags?post=141349"}],"curies":[{"name":"wp","href":"https:\/\/api.w.org\/{rel}","templated":true}]}}